{"id":3163,"date":"2024-03-26T09:25:12","date_gmt":"2024-03-26T12:25:12","guid":{"rendered":"https:\/\/blogdoca.com.br\/?p=3163"},"modified":"2024-03-26T09:25:16","modified_gmt":"2024-03-26T12:25:16","slug":"aos-20-anos-usuaria-de-vape-desde-2018-descobre-falencia-pulmonar-e-previsao-de-vida-ate-os-40","status":"publish","type":"post","link":"https:\/\/blogdoca.com.br\/index.php\/2024\/03\/26\/aos-20-anos-usuaria-de-vape-desde-2018-descobre-falencia-pulmonar-e-previsao-de-vida-ate-os-40\/","title":{"rendered":"Aos 20 Anos, Usu\u00e1ria de Vape Desde 2018 Descobre Fal\u00eancia Pulmonar e Previs\u00e3o de Vida At\u00e9 os 40"},"content":{"rendered":"\n<p><a href=\"https:\/\/www.instagram.com\/blogdoca\/\" title=\"\">A hist\u00f3ria de Karlee Ozkurt, residente em Wisconsin, Estados Unidos<\/a>, serve de alerta urgente para os usu\u00e1rios de vapes. Diagnosticados com graves danos pulmonares, os m\u00e9dicos informaram que ela n\u00e3o viveria al\u00e9m dos 40 anos &#8211; um destino chocante relacionado ao uso cont\u00ednuo desses dispositivos. Esta realidade alarmante n\u00e3o \u00e9 apenas um caso isolado, mas \u00e9 corroborada por estudos realizados por institui\u00e7\u00f5es renomadas como o Center for Tobacco Research do The Ohio State University Comprehensive Cancer Center e pela Southern California Keck School of Medicine.<\/p>\n\n\n\n<p>Pesquisas indicam que apenas 30 dias de exposi\u00e7\u00e3o aos vapores podem causar problemas adversos severos. O mais preocupante \u00e9 que esses efeitos afetam at\u00e9 mesmo jovens saud\u00e1veis \u200b\u200b- o principal grupo de consumidores desses produtos. A conveni\u00eancia e a percep\u00e7\u00e3o de ser uma alternativa &#8220;menos nociva&#8221; ao tabaco tradicional tornou o vapor extremamente popular, especialmente entre os mais jovens. No entanto, os riscos para a sa\u00fade est\u00e3o a mostrar-se alarmantes.<\/p>\n\n\n\n<p>A hist\u00f3ria de Karlee e as descobertas cient\u00edficas levantam quest\u00f5es importantes sobre a seguran\u00e7a desses dispositivos e o que pode ser feito para proteger a sa\u00fade p\u00fablica. \u00c0 medida que mais informa\u00e7\u00f5es v\u00eam \u00e0 tona, torna-se essencial questionar: vale a pena o risco?<\/p>\n\n\n\n<p>\ud83d\udc65 Queremos ouvir sua opini\u00e3o! <a href=\"https:\/\/blogdoca.com.br\/\" title=\"\">Voc\u00ea j\u00e1 teve alguma experi\u00eancia negativa com o uso de vapes? <\/a>Acredita que as regulamenta\u00e7\u00f5es para esses dispositivos devem ser mais rigorosas? Compartilhe sua hist\u00f3ria nos coment\u00e1rios!<br><br>#SaudePublica #VapeRiscos #JuventudeConsciente #VidaSemVape #AlertaSaude #Conscientizacao #Prevencao #HistoriaReal #DebateSaude<\/p>\n","protected":false},"excerpt":{"rendered":"<p>A hist\u00f3ria de Karlee Ozkurt, residente em Wisconsin, Estados Unidos, serve de alerta urgente para os usu\u00e1rios de vapes. Diagnosticados com graves danos pulmonares, os m\u00e9dicos informaram que ela n\u00e3o viveria al\u00e9m dos 40 anos &#8211; um destino chocante relacionado ao uso cont\u00ednuo desses dispositivos. Esta realidade alarmante n\u00e3o \u00e9 apenas um caso isolado, mas [&hellip;]<\/p>\n","protected":false},"author":2,"featured_media":3164,"comment_status":"open","ping_status":"open","sticky":false,"template":"","format":"standard","meta":{"_eb_attr":"","om_disable_all_campaigns":false,"_monsterinsights_skip_tracking":false,"_monsterinsights_sitenote_active":false,"_monsterinsights_sitenote_note":"","_monsterinsights_sitenote_category":0,"_uf_show_specific_survey":0,"_uf_disable_surveys":false,"footnotes":""},"categories":[15],"tags":[],"aioseo_notices":[],"_links":{"self":[{"href":"https:\/\/blogdoca.com.br\/index.php\/wp-json\/wp\/v2\/posts\/3163"}],"collection":[{"href":"https:\/\/blogdoca.com.br\/index.php\/wp-json\/wp\/v2\/posts"}],"about":[{"href":"https:\/\/blogdoca.com.br\/index.php\/wp-json\/wp\/v2\/types\/post"}],"author":[{"embeddable":true,"href":"https:\/\/blogdoca.com.br\/index.php\/wp-json\/wp\/v2\/users\/2"}],"replies":[{"embeddable":true,"href":"https:\/\/blogdoca.com.br\/index.php\/wp-json\/wp\/v2\/comments?post=3163"}],"version-history":[{"count":1,"href":"https:\/\/blogdoca.com.br\/index.php\/wp-json\/wp\/v2\/posts\/3163\/revisions"}],"predecessor-version":[{"id":3165,"href":"https:\/\/blogdoca.com.br\/index.php\/wp-json\/wp\/v2\/posts\/3163\/revisions\/3165"}],"wp:featuredmedia":[{"embeddable":true,"href":"https:\/\/blogdoca.com.br\/index.php\/wp-json\/wp\/v2\/media\/3164"}],"wp:attachment":[{"href":"https:\/\/blogdoca.com.br\/index.php\/wp-json\/wp\/v2\/media?parent=3163"}],"wp:term":[{"taxonomy":"category","embeddable":true,"href":"https:\/\/blogdoca.com.br\/index.php\/wp-json\/wp\/v2\/categories?post=3163"},{"taxonomy":"post_tag","embeddable":true,"href":"https:\/\/blogdoca.com.br\/index.php\/wp-json\/wp\/v2\/tags?post=3163"}],"curies":[{"name":"wp","href":"https:\/\/api.w.org\/{rel}","templated":true}]}}