{"id":3419,"date":"2024-04-06T10:42:25","date_gmt":"2024-04-06T13:42:25","guid":{"rendered":"https:\/\/blogdoca.com.br\/?p=3419"},"modified":"2024-04-06T10:42:29","modified_gmt":"2024-04-06T13:42:29","slug":"diagnosticada-com-sindrome-de-down-aos-35-idosa-de-70-e-avo-e-dona-de-casa","status":"publish","type":"post","link":"https:\/\/blogdoca.com.br\/index.php\/2024\/04\/06\/diagnosticada-com-sindrome-de-down-aos-35-idosa-de-70-e-avo-e-dona-de-casa\/","title":{"rendered":"Diagnosticada Com S\u00edndrome De Down Aos 35, Idosa De 70 \u00c9 Av\u00f3 E Dona De Casa"},"content":{"rendered":"\n<p><a href=\"https:\/\/www.instagram.com\/blogdoca\/\" title=\"\">Izabel Rodrigues Monteiro da Silva, uma dona de casa de 70 anos<\/a>, teve uma revela\u00e7\u00e3o surpreendente durante uma consulta m\u00e9dica. Procurando entender sua dificuldade em engravidar, ela descobriu, aos 35 anos, que possui s\u00edndrome de Down, condi\u00e7\u00e3o gen\u00e9tica conhecida como trissomia do cromossomo 21. \ud83e\uddec<\/p>\n\n\n\n<p>Vivendo na zona rural de Morrinhos, Goi\u00e1s, e sendo a ca\u00e7ula de 19 irm\u00e3os, Izabel passou boa parte da vida sem diagn\u00f3stico. O termo pejorativo &#8220;mongolismo&#8221; foi usado na \u00e9poca, mas a verdadeira surpresa veio depois: contra todas as expectativas m\u00e9dicas, Izabel tornou-se m\u00e3e de Cristinna, uma menina sem a condi\u00e7\u00e3o, e agora \u00e9 av\u00f3 de tr\u00eas netos. \ud83d\udc76<\/p>\n\n\n\n<p>Este caso desafia a cren\u00e7a comum de que <a href=\"https:\/\/blogdoca.com.br\/\" title=\"\">mulheres com s\u00edndrome de Down raramente se tornam m\u00e3es<\/a>, devido \u00e0 reduzida fertilidade associada \u00e0 s\u00edndrome, evidenciando a necessidade de atualizar as perspectivas m\u00e9dicas e sociais sobre suas capacidades e direitos.<\/p>\n\n\n\n<p>Queremos ouvir de voc\u00ea! \ud83d\udce2 Conhece hist\u00f3rias similares ou tem algo a compartilhar sobre supera\u00e7\u00e3o e descobertas pessoais? Deixe seu coment\u00e1rio! \u270d\ufe0f<\/p>\n\n\n\n<p>#Inspira\u00e7\u00e3o #Superacao #SindromeDeDown #Maternidade #Hist\u00f3riaDeVida #Sa\u00fade #Diversidade #Empoderamento #Familia \ud83d\udc96<\/p>\n","protected":false},"excerpt":{"rendered":"<p>Izabel Rodrigues Monteiro da Silva, uma dona de casa de 70 anos, teve uma revela\u00e7\u00e3o surpreendente durante uma consulta m\u00e9dica. Procurando entender sua dificuldade em engravidar, ela descobriu, aos 35 anos, que possui s\u00edndrome de Down, condi\u00e7\u00e3o gen\u00e9tica conhecida como trissomia do cromossomo 21. \ud83e\uddec Vivendo na zona rural de Morrinhos, Goi\u00e1s, e sendo a [&hellip;]<\/p>\n","protected":false},"author":2,"featured_media":3420,"comment_status":"open","ping_status":"open","sticky":false,"template":"","format":"standard","meta":{"_eb_attr":"","om_disable_all_campaigns":false,"_monsterinsights_skip_tracking":false,"_monsterinsights_sitenote_active":false,"_monsterinsights_sitenote_note":"","_monsterinsights_sitenote_category":0,"_uf_show_specific_survey":0,"_uf_disable_surveys":false,"footnotes":""},"categories":[15],"tags":[],"aioseo_notices":[],"_links":{"self":[{"href":"https:\/\/blogdoca.com.br\/index.php\/wp-json\/wp\/v2\/posts\/3419"}],"collection":[{"href":"https:\/\/blogdoca.com.br\/index.php\/wp-json\/wp\/v2\/posts"}],"about":[{"href":"https:\/\/blogdoca.com.br\/index.php\/wp-json\/wp\/v2\/types\/post"}],"author":[{"embeddable":true,"href":"https:\/\/blogdoca.com.br\/index.php\/wp-json\/wp\/v2\/users\/2"}],"replies":[{"embeddable":true,"href":"https:\/\/blogdoca.com.br\/index.php\/wp-json\/wp\/v2\/comments?post=3419"}],"version-history":[{"count":1,"href":"https:\/\/blogdoca.com.br\/index.php\/wp-json\/wp\/v2\/posts\/3419\/revisions"}],"predecessor-version":[{"id":3421,"href":"https:\/\/blogdoca.com.br\/index.php\/wp-json\/wp\/v2\/posts\/3419\/revisions\/3421"}],"wp:featuredmedia":[{"embeddable":true,"href":"https:\/\/blogdoca.com.br\/index.php\/wp-json\/wp\/v2\/media\/3420"}],"wp:attachment":[{"href":"https:\/\/blogdoca.com.br\/index.php\/wp-json\/wp\/v2\/media?parent=3419"}],"wp:term":[{"taxonomy":"category","embeddable":true,"href":"https:\/\/blogdoca.com.br\/index.php\/wp-json\/wp\/v2\/categories?post=3419"},{"taxonomy":"post_tag","embeddable":true,"href":"https:\/\/blogdoca.com.br\/index.php\/wp-json\/wp\/v2\/tags?post=3419"}],"curies":[{"name":"wp","href":"https:\/\/api.w.org\/{rel}","templated":true}]}}